{"id":1869,"date":"2023-08-09T11:02:34","date_gmt":"2023-08-09T11:02:34","guid":{"rendered":"https:\/\/portosmobiliario.com\/portos-mobiliario-celebrates-50-years-of-excellence\/"},"modified":"2024-11-08T16:14:31","modified_gmt":"2024-11-08T16:14:31","slug":"portos-mobiliario-celebrates-50-years-of-excellence","status":"publish","type":"post","link":"https:\/\/portosmobiliario.com\/en\/portos-mobiliario-celebrates-50-years-of-excellence\/","title":{"rendered":"Portos Mobili\u00e1rio celebrates 50 years"},"content":{"rendered":"\n<p>Ports Furniture, a leading furniture finishing and production company, is pleased to announce the celebration of its 50th anniversary on August 10, 2023. Founded in 1973 by Lu\u00eds dos Santos Pereira, the company has been a reference in the local economy of Pa\u00e7os de Ferreira and in the region, standing out as one of the main companies in the furniture sector.<\/p>\n\n<p>Exactly half a century ago, Lu\u00eds dos Santos Pereira, a visionary entrepreneur, began a journey of dedication and passion for furniture finishing in Figueir\u00f3. With just three employees, Portos Mobili\u00e1rio quickly gained the trust of customers, expanding beyond regional borders. Today, the company is recognized not only nationally but also internationally for the quality of its products and personalized service.<\/p>\n\n<p>The family business took a crucial step towards growth in 1983, when it became a limited company with the addition of the founder&#8217;s wife and four children. Since then, Portos Mobili\u00e1rio has maintained a sustained growth, combining artisanal knowledge of employees with design innovation and use of differentiated materials.<\/p>\n\n<p>Participation in the annual furniture fairs at the Capital do M\u00f3vel in Pa\u00e7os de Ferreira has played a key role in the company&#8217;s success. The fairs allowed Portos Mobili\u00e1rio to attract visitors from all over the country and establish strategic partnerships for the foreign market. With a continuous focus on product quality, the company has expanded into the international market, becoming a reference for demanding customers in several countries.<\/p>\n\n<p>Currently, Portos Mobili\u00e1rio maintains an optimistic outlook for the future. By investing in technology and innovation, the company will continue to explore new trends in interior design and improve its production processes, offering innovative solutions for the foreign market and remaining at the forefront of the furniture sector.<\/p>\n\n<p>The event will be attended by the former Mayor of Pa\u00e7os de Ferreira, Dr. Humberto Brito, and the founders and family members, as well as partners and collaborators who contributed to the success of this story.<\/p>\n\n<figure class=\"wp-block-gallery has-nested-images columns-default is-cropped wp-block-gallery-1 is-layout-flex wp-block-gallery-is-layout-flex\">\n<figure class=\"wp-block-image size-large\"><img fetchpriority=\"high\" decoding=\"async\" width=\"1024\" height=\"608\" data-id=\"1866\" src=\"https:\/\/portosmobiliario.com\/wp-content\/uploads\/2023\/08\/Portos-Mobiliario-Familia-1024x608.webp\" alt=\"\" class=\"wp-image-1866\" srcset=\"https:\/\/portosmobiliario.com\/wp-content\/uploads\/2023\/08\/Portos-Mobiliario-Familia-1024x608.webp 1024w, https:\/\/portosmobiliario.com\/wp-content\/uploads\/2023\/08\/Portos-Mobiliario-Familia-300x178.webp 300w, https:\/\/portosmobiliario.com\/wp-content\/uploads\/2023\/08\/Portos-Mobiliario-Familia-768x456.webp 768w, https:\/\/portosmobiliario.com\/wp-content\/uploads\/2023\/08\/Portos-Mobiliario-Familia-1536x912.webp 1536w, https:\/\/portosmobiliario.com\/wp-content\/uploads\/2023\/08\/Portos-Mobiliario-Familia-jpg.webp 1902w\" sizes=\"(max-width: 1024px) 100vw, 1024px\" \/><\/figure>\n<\/figure>\n","protected":false},"excerpt":{"rendered":"<p>Ports Furniture, a leading furniture finishing and production company, is pleased to announce the celebration of its 50th anniversary on August 10, 2023. Founded in 1973 by Lu\u00eds dos Santos Pereira, the company has been a reference in the local economy of Pa\u00e7os de Ferreira and in the region, standing out as one of the [&hellip;]<\/p>\n","protected":false},"author":2,"featured_media":1867,"comment_status":"closed","ping_status":"closed","sticky":false,"template":"","format":"standard","meta":{"footnotes":""},"categories":[1],"tags":[],"class_list":["post-1869","post","type-post","status-publish","format-standard","has-post-thumbnail","hentry","category-sem-categoria"],"_links":{"self":[{"href":"https:\/\/portosmobiliario.com\/en\/wp-json\/wp\/v2\/posts\/1869","targetHints":{"allow":["GET"]}}],"collection":[{"href":"https:\/\/portosmobiliario.com\/en\/wp-json\/wp\/v2\/posts"}],"about":[{"href":"https:\/\/portosmobiliario.com\/en\/wp-json\/wp\/v2\/types\/post"}],"author":[{"embeddable":true,"href":"https:\/\/portosmobiliario.com\/en\/wp-json\/wp\/v2\/users\/2"}],"replies":[{"embeddable":true,"href":"https:\/\/portosmobiliario.com\/en\/wp-json\/wp\/v2\/comments?post=1869"}],"version-history":[{"count":5,"href":"https:\/\/portosmobiliario.com\/en\/wp-json\/wp\/v2\/posts\/1869\/revisions"}],"predecessor-version":[{"id":1877,"href":"https:\/\/portosmobiliario.com\/en\/wp-json\/wp\/v2\/posts\/1869\/revisions\/1877"}],"wp:featuredmedia":[{"embeddable":true,"href":"https:\/\/portosmobiliario.com\/en\/wp-json\/wp\/v2\/media\/1867"}],"wp:attachment":[{"href":"https:\/\/portosmobiliario.com\/en\/wp-json\/wp\/v2\/media?parent=1869"}],"wp:term":[{"taxonomy":"category","embeddable":true,"href":"https:\/\/portosmobiliario.com\/en\/wp-json\/wp\/v2\/categories?post=1869"},{"taxonomy":"post_tag","embeddable":true,"href":"https:\/\/portosmobiliario.com\/en\/wp-json\/wp\/v2\/tags?post=1869"}],"curies":[{"name":"wp","href":"https:\/\/api.w.org\/{rel}","templated":true}]}}