{"id":2020,"date":"2023-11-07T16:33:52","date_gmt":"2023-11-07T16:33:52","guid":{"rendered":"https:\/\/portosmobiliario.com\/portos-mobiliario-receives-gold-municipal-merit-medal\/"},"modified":"2023-11-07T18:56:06","modified_gmt":"2023-11-07T18:56:06","slug":"portos-mobiliario-receives-gold-municipal-merit-medal","status":"publish","type":"post","link":"https:\/\/portosmobiliario.com\/en\/portos-mobiliario-receives-gold-municipal-merit-medal\/","title":{"rendered":"Portos Mobili\u00e1rio receives Gold Municipal Merit Medal"},"content":{"rendered":"\n<p>Portos Mobili\u00e1rio was honored on the 187th anniversary of the municipality of Pa\u00e7os de Ferreira with the award of the Gold Municipal Merit Medal. The ceremony took place in the town hall&#8217;s Sal\u00e3o Nobre and was marked by the presence of the company&#8217;s founder, Lu\u00eds dos Santos Pereira, and his family.<\/p>\n\n<p>This distinction recognizes the importance of Portos Mobili\u00e1rio on the local scene, in its contribution to the community and the region&#8217;s economy. The company has stood out over the years in the furniture sector, demonstrating a constant commitment to quality and excellence.<\/p>\n\n<p>Portos Mobili\u00e1rio continues to be an example of entrepreneurship and business success in the region, and this tribute reinforces its status as a benchmark in the furniture sector in the municipality of Pa\u00e7os de Ferreira.<\/p>\n\n<figure class=\"wp-block-image size-large\"><img fetchpriority=\"high\" decoding=\"async\" width=\"1024\" height=\"616\" src=\"https:\/\/portosmobiliario.com\/wp-content\/uploads\/2023\/11\/IMG_3108-1024x616.webp\" alt=\"\" class=\"wp-image-2015\" srcset=\"https:\/\/portosmobiliario.com\/wp-content\/uploads\/2023\/11\/IMG_3108-1024x616.webp 1024w, https:\/\/portosmobiliario.com\/wp-content\/uploads\/2023\/11\/IMG_3108-300x180.webp 300w, https:\/\/portosmobiliario.com\/wp-content\/uploads\/2023\/11\/IMG_3108-768x462.webp 768w, https:\/\/portosmobiliario.com\/wp-content\/uploads\/2023\/11\/IMG_3108-jpg.webp 1417w\" sizes=\"(max-width: 1024px) 100vw, 1024px\" \/><\/figure>\n\n<figure class=\"wp-block-image size-full\"><img decoding=\"async\" width=\"688\" height=\"631\" src=\"https:\/\/portosmobiliario.com\/wp-content\/uploads\/2023\/11\/Imagem-WhatsApp-2023-11-07-as-16.31.07_f5bbb83f-jpg.webp\" alt=\"\" class=\"wp-image-2017\" srcset=\"https:\/\/portosmobiliario.com\/wp-content\/uploads\/2023\/11\/Imagem-WhatsApp-2023-11-07-as-16.31.07_f5bbb83f-jpg.webp 688w, https:\/\/portosmobiliario.com\/wp-content\/uploads\/2023\/11\/Imagem-WhatsApp-2023-11-07-as-16.31.07_f5bbb83f-300x275.webp 300w\" sizes=\"(max-width: 688px) 100vw, 688px\" \/><\/figure>\n","protected":false},"excerpt":{"rendered":"<p>Portos Mobili\u00e1rio was honored on the 187th anniversary of the municipality of Pa\u00e7os de Ferreira with the award of the Gold Municipal Merit Medal. The ceremony took place in the town hall&#8217;s Sal\u00e3o Nobre and was marked by the presence of the company&#8217;s founder, Lu\u00eds dos Santos Pereira, and his family. This distinction recognizes the [&hellip;]<\/p>\n","protected":false},"author":2,"featured_media":2016,"comment_status":"closed","ping_status":"closed","sticky":false,"template":"","format":"standard","meta":{"footnotes":""},"categories":[1],"tags":[],"class_list":["post-2020","post","type-post","status-publish","format-standard","has-post-thumbnail","hentry","category-sem-categoria"],"_links":{"self":[{"href":"https:\/\/portosmobiliario.com\/en\/wp-json\/wp\/v2\/posts\/2020","targetHints":{"allow":["GET"]}}],"collection":[{"href":"https:\/\/portosmobiliario.com\/en\/wp-json\/wp\/v2\/posts"}],"about":[{"href":"https:\/\/portosmobiliario.com\/en\/wp-json\/wp\/v2\/types\/post"}],"author":[{"embeddable":true,"href":"https:\/\/portosmobiliario.com\/en\/wp-json\/wp\/v2\/users\/2"}],"replies":[{"embeddable":true,"href":"https:\/\/portosmobiliario.com\/en\/wp-json\/wp\/v2\/comments?post=2020"}],"version-history":[{"count":4,"href":"https:\/\/portosmobiliario.com\/en\/wp-json\/wp\/v2\/posts\/2020\/revisions"}],"predecessor-version":[{"id":2025,"href":"https:\/\/portosmobiliario.com\/en\/wp-json\/wp\/v2\/posts\/2020\/revisions\/2025"}],"wp:featuredmedia":[{"embeddable":true,"href":"https:\/\/portosmobiliario.com\/en\/wp-json\/wp\/v2\/media\/2016"}],"wp:attachment":[{"href":"https:\/\/portosmobiliario.com\/en\/wp-json\/wp\/v2\/media?parent=2020"}],"wp:term":[{"taxonomy":"category","embeddable":true,"href":"https:\/\/portosmobiliario.com\/en\/wp-json\/wp\/v2\/categories?post=2020"},{"taxonomy":"post_tag","embeddable":true,"href":"https:\/\/portosmobiliario.com\/en\/wp-json\/wp\/v2\/tags?post=2020"}],"curies":[{"name":"wp","href":"https:\/\/api.w.org\/{rel}","templated":true}]}}