{"id":2399,"date":"2025-12-02T19:02:10","date_gmt":"2025-12-02T19:02:10","guid":{"rendered":"https:\/\/portosmobiliario.com\/portos-mobiliario-distinguished-at-capital-do-movel-gala\/"},"modified":"2025-12-02T19:02:10","modified_gmt":"2025-12-02T19:02:10","slug":"portos-mobiliario-distinguished-at-capital-do-movel-gala","status":"publish","type":"post","link":"https:\/\/portosmobiliario.com\/en\/portos-mobiliario-distinguished-at-capital-do-movel-gala\/","title":{"rendered":"Portos Mobili\u00e1rio distinguished at Capital do M\u00f3vel Gala"},"content":{"rendered":"\n<p>Portos Mobili\u00e1rio was honored at the <strong>Capital do M\u00f3vel Gala<\/strong>, receiving <strong>two<\/strong> different <strong>distinctions<\/strong>.<\/p>\n\n\n\n<p>The first recognized the company&#8217;s <strong>more than 50 years of activity<\/strong> in the municipality of Pa\u00e7os de Ferreira, highlighting its tradition and relevance in the sector. The second distinguished Portos Mobili\u00e1rio for being <strong>one of the founding companies of the Pa\u00e7os de Ferreira Business Association<\/strong>, valuing its contribution to the development of the local business ecosystem. <\/p>\n\n\n\n<p>The event was attended by <strong>founder Lu\u00eds dos Santos Pereira<\/strong> and <strong>CEO Am\u00e2ndio Pereira<\/strong>, in a moment that celebrated the strength, identity and vision for the future of the municipality&#8217;s business fabric.<\/p>\n\n\n\n<p>The gala provided special moments, including <strong>tributes to businesspeople and associates<\/strong>, reinforcing the role of the municipality of Pa\u00e7os de Ferreira as a benchmark in the furniture industry.<\/p>\n\n\n\n<p>Photos: AEPF<\/p>\n\n\n\n<figure class=\"wp-block-image size-large\"><img fetchpriority=\"high\" decoding=\"async\" width=\"1024\" height=\"683\" src=\"https:\/\/portosmobiliario.com\/wp-content\/uploads\/2025\/12\/592235231_1285565506930757_6542811643564040654_n-1024x683.jpg\" alt=\"\" class=\"wp-image-2394\" srcset=\"https:\/\/portosmobiliario.com\/wp-content\/uploads\/2025\/12\/592235231_1285565506930757_6542811643564040654_n-1024x683.jpg 1024w, https:\/\/portosmobiliario.com\/wp-content\/uploads\/2025\/12\/592235231_1285565506930757_6542811643564040654_n-300x200.jpg 300w, https:\/\/portosmobiliario.com\/wp-content\/uploads\/2025\/12\/592235231_1285565506930757_6542811643564040654_n-768x512.jpg 768w, https:\/\/portosmobiliario.com\/wp-content\/uploads\/2025\/12\/592235231_1285565506930757_6542811643564040654_n-1536x1025.jpg 1536w, https:\/\/portosmobiliario.com\/wp-content\/uploads\/2025\/12\/592235231_1285565506930757_6542811643564040654_n.jpg 2048w\" sizes=\"(max-width: 1024px) 100vw, 1024px\" \/><\/figure>\n","protected":false},"excerpt":{"rendered":"<p>Portos Mobili\u00e1rio was honored at the Capital do M\u00f3vel Gala, receiving two different distinctions. The first recognized the company&#8217;s more than 50 years of activity in the municipality of Pa\u00e7os de Ferreira, highlighting its tradition and relevance in the sector. The second distinguished Portos Mobili\u00e1rio for being one of the founding companies of the Pa\u00e7os [&hellip;]<\/p>\n","protected":false},"author":2,"featured_media":2397,"comment_status":"closed","ping_status":"closed","sticky":false,"template":"","format":"standard","meta":{"footnotes":""},"categories":[1],"tags":[],"class_list":["post-2399","post","type-post","status-publish","format-standard","has-post-thumbnail","hentry","category-sem-categoria"],"_links":{"self":[{"href":"https:\/\/portosmobiliario.com\/en\/wp-json\/wp\/v2\/posts\/2399","targetHints":{"allow":["GET"]}}],"collection":[{"href":"https:\/\/portosmobiliario.com\/en\/wp-json\/wp\/v2\/posts"}],"about":[{"href":"https:\/\/portosmobiliario.com\/en\/wp-json\/wp\/v2\/types\/post"}],"author":[{"embeddable":true,"href":"https:\/\/portosmobiliario.com\/en\/wp-json\/wp\/v2\/users\/2"}],"replies":[{"embeddable":true,"href":"https:\/\/portosmobiliario.com\/en\/wp-json\/wp\/v2\/comments?post=2399"}],"version-history":[{"count":0,"href":"https:\/\/portosmobiliario.com\/en\/wp-json\/wp\/v2\/posts\/2399\/revisions"}],"wp:featuredmedia":[{"embeddable":true,"href":"https:\/\/portosmobiliario.com\/en\/wp-json\/wp\/v2\/media\/2397"}],"wp:attachment":[{"href":"https:\/\/portosmobiliario.com\/en\/wp-json\/wp\/v2\/media?parent=2399"}],"wp:term":[{"taxonomy":"category","embeddable":true,"href":"https:\/\/portosmobiliario.com\/en\/wp-json\/wp\/v2\/categories?post=2399"},{"taxonomy":"post_tag","embeddable":true,"href":"https:\/\/portosmobiliario.com\/en\/wp-json\/wp\/v2\/tags?post=2399"}],"curies":[{"name":"wp","href":"https:\/\/api.w.org\/{rel}","templated":true}]}}